{"id":7232,"date":"2025-05-07T10:08:40","date_gmt":"2025-05-07T10:08:40","guid":{"rendered":"https:\/\/manupackaging.hu\/?p=7232"},"modified":"2025-05-07T10:20:15","modified_gmt":"2025-05-07T10:20:15","slug":"kozosen-egy-nemes-ugyert-ismet-a-nem-adom-fel-alapitvany-mellett","status":"publish","type":"post","link":"https:\/\/manupackaging.hu\/en\/kozosen-egy-nemes-ugyert-ismet-a-nem-adom-fel-alapitvany-mellett\/","title":{"rendered":"United for a Good Cause \u2013 Supporting the\u00a0Nem Adom Fel\u00a0Foundation Again in 2024"},"content":{"rendered":"\n<p>At Manupackaging Hungary, social responsibility is not just a slogan\u2014it\u2019s part of who we are. We are proud to share that in 2024, we supported the\u00a0<em>Nem Adom Fel<\/em>\u00a0(\u201cI Won\u2019t Give Up\u201d) Foundation for the second time\u2014a community dedicated to improving opportunities for people with disabilities and reduced work capacity.<\/p>\n\n\n\n<h3 class=\"wp-block-heading\">NEM ADOM FEL CAF\u00c9 &amp; RESTAURANT<\/h3>\n\n\n\n<p>Budapest\u2019s first caf\u00e9 founded by people with disabilities, where individuals with disabilities and reduced work capacity prepare and serve food and beverages, deliver lunches as couriers, and also take part in organizing and running various programs.<\/p>\n\n\n\n<figure class=\"wp-block-gallery has-nested-images columns-3 is-cropped wp-block-gallery-1 is-layout-flex wp-block-gallery-is-layout-flex\">\n<figure class=\"wp-block-image size-large\"><img alt=\"\" loading=\"lazy\" decoding=\"async\" width=\"809\" height=\"1024\" data-id=\"7233\" src=\"https:\/\/manupackaging.hu\/wp-content\/uploads\/2025\/05\/Outlook-tggujft1-809x1024.png\" alt=\"\" class=\"wp-image-7233\" srcset=\"https:\/\/manupackaging.hu\/wp-content\/uploads\/2025\/05\/Outlook-tggujft1-809x1024.png 809w, https:\/\/manupackaging.hu\/wp-content\/uploads\/2025\/05\/Outlook-tggujft1-237x300.png 237w, https:\/\/manupackaging.hu\/wp-content\/uploads\/2025\/05\/Outlook-tggujft1-768x972.png 768w, https:\/\/manupackaging.hu\/wp-content\/uploads\/2025\/05\/Outlook-tggujft1-600x759.png 600w, https:\/\/manupackaging.hu\/wp-content\/uploads\/2025\/05\/Outlook-tggujft1.png 862w\" sizes=\"auto, (max-width: 809px) 100vw, 809px\" \/><\/figure>\n<\/figure>\n\n\n\n<h3 class=\"wp-block-heading\">A Sweet Beginning \u2013 Pastries from the Foundation<\/h3>\n\n\n\n<p>Our first initiative was tied to a milestone: the 20th anniversary celebration of Manupackaging Hungary Kft. We wanted this special occasion to reflect not only our success, but also our values. That\u2019s why we ordered pastries for our guests from the caf\u00e9 run by the\u00a0<em>Nem Adom Fel<\/em>\u00a0Foundation. It was a small gesture that made a big difference\u2014each bite carried the spirit of social responsibility and inclusion.<\/p>\n\n\n\n<hr class=\"wp-block-separator has-alpha-channel-opacity\"\/>\n\n\n\n<h3 class=\"wp-block-heading\">Holiday Gifts Replaced by Meaningful Supports<\/h3>\n\n\n\n<p>As the year came to a close, we once again considered how best to express our appreciation to our clients and partners. This year, instead of traditional gifts, we chose to support a meaningful cause: we donated the value of the gifts to the\u00a0<em>Nem Adom Fel<\/em>\u00a0Foundation to help further their valuable work.<\/p>\n\n\n\n<hr class=\"wp-block-separator has-alpha-channel-opacity\"\/>\n\n\n\n<h3 class=\"wp-block-heading\">Here is the holiday message we shared with our clients:<\/h3>\n\n\n\n<p><em><strong>\u201cDear Partner,<\/strong><br>This holiday season, we at Manupackaging Hungary Kft. decided to stand behind a meaningful cause.<br>Instead of sending gifts, we are donating that amount to the\u00a0<em>Nem Adom Fel<\/em>\u00a0Foundation to support people with disabilities and reduced work capacity.<br>Thank you for being part of this noble cause.<br>We wish you a peaceful Christmas and a prosperous New Year!<br><strong>On behalf of the entire Manupackaging team,<br>G\u00e1bor Arat\u00f3<\/strong>\u201d<\/em><\/p>\n\n\n\n<hr class=\"wp-block-separator has-alpha-channel-opacity\"\/>\n\n\n\n<h3 class=\"wp-block-heading\">Thank You for Being Part of It<\/h3>\n\n\n\n<p>This support would not have been possible without our valued clients and partners. We thank you for joining us in promoting the importance of social responsibility. Together, we are helping build a more inclusive and supportive world.<\/p>\n\n\n\n<p>&nbsp;<\/p>\n","protected":false},"excerpt":{"rendered":"<p>NEM ADOM FEL K\u00c1V\u00c9Z\u00d3 \u00c9S \u00c9TTEREM<\/p>\n<p>Budapest els\u0151 fogyat\u00e9koss\u00e1ggal \u00e9l\u0151 emberek \u00e1ltal alap\u00edtott k\u00e1v\u00e9z\u00f3ja, ahol maguk a fogyat\u00e9koss\u00e1ggal \u00e9l\u0151 \u00e9s megv\u00e1ltozott munkak\u00e9pess\u00e9g\u0171 emberek k\u00e9sz\u00edtik \u00e9s szolg\u00e1lj\u00e1k fel az \u00e9teleket \u00e9s az italokat, fut\u00e1rk\u00e9nt sz\u00e1ll\u00edtj\u00e1k ki az eb\u00e9deket, illetve k\u00f6zrem\u0171k\u00f6dnek a programok szervez\u00e9s\u00e9ben \u00e9s lebonyol\u00edt\u00e1s\u00e1ban.<\/p>\n","protected":false},"author":5,"featured_media":7233,"comment_status":"closed","ping_status":"closed","sticky":false,"template":"","format":"standard","meta":{"_acf_changed":false,"_seopress_robots_primary_cat":"3","_seopress_titles_title":"","_seopress_titles_desc":"","_seopress_robots_index":"","footnotes":""},"categories":[3],"tags":[],"class_list":["post-7232","post","type-post","status-publish","format-standard","has-post-thumbnail","hentry","category-hirek"],"acf":[],"_links":{"self":[{"href":"https:\/\/manupackaging.hu\/en\/wp-json\/wp\/v2\/posts\/7232","targetHints":{"allow":["GET"]}}],"collection":[{"href":"https:\/\/manupackaging.hu\/en\/wp-json\/wp\/v2\/posts"}],"about":[{"href":"https:\/\/manupackaging.hu\/en\/wp-json\/wp\/v2\/types\/post"}],"author":[{"embeddable":true,"href":"https:\/\/manupackaging.hu\/en\/wp-json\/wp\/v2\/users\/5"}],"replies":[{"embeddable":true,"href":"https:\/\/manupackaging.hu\/en\/wp-json\/wp\/v2\/comments?post=7232"}],"version-history":[{"count":3,"href":"https:\/\/manupackaging.hu\/en\/wp-json\/wp\/v2\/posts\/7232\/revisions"}],"predecessor-version":[{"id":7243,"href":"https:\/\/manupackaging.hu\/en\/wp-json\/wp\/v2\/posts\/7232\/revisions\/7243"}],"wp:featuredmedia":[{"embeddable":true,"href":"https:\/\/manupackaging.hu\/en\/wp-json\/wp\/v2\/media\/7233"}],"wp:attachment":[{"href":"https:\/\/manupackaging.hu\/en\/wp-json\/wp\/v2\/media?parent=7232"}],"wp:term":[{"taxonomy":"category","embeddable":true,"href":"https:\/\/manupackaging.hu\/en\/wp-json\/wp\/v2\/categories?post=7232"},{"taxonomy":"post_tag","embeddable":true,"href":"https:\/\/manupackaging.hu\/en\/wp-json\/wp\/v2\/tags?post=7232"}],"curies":[{"name":"wp","href":"https:\/\/api.w.org\/{rel}","templated":true}]}}